{"id":6369,"date":"2025-09-10T07:00:00","date_gmt":"2025-09-10T07:00:00","guid":{"rendered":"https:\/\/automatizadoresmegatron.com.br\/blog\/?p=6369"},"modified":"2025-09-01T18:51:31","modified_gmt":"2025-09-01T18:51:31","slug":"setembro-amarelo-megatron","status":"publish","type":"post","link":"https:\/\/automatizadoresmegatron.com.br\/blog\/setembro-amarelo-megatron\/","title":{"rendered":"Setembro amarelo: o m\u00eas da preven\u00e7\u00e3o ao suic\u00eddio"},"content":{"rendered":"\n<p>Os casos de suic\u00eddio no pa\u00eds s\u00e3o o par\u00e2metro para nos mostrar que o setembro amarelo no calend\u00e1rio nacional \u00e9 essencial, assim como \u00e9 necess\u00e1rio todos estarmos juntos nessa jornada pela preven\u00e7\u00e3o do suic\u00eddio.<br>No Brasil, cerca de 14 mil pessoas tiram a pr\u00f3pria vida todos os anos, segundo o\u00a0<strong>CVV<\/strong>. No mundo, \u00e9 1 morte a cada 40 segundos, de acordo com a\u00a0<strong>OMS<\/strong>. Esses n\u00fameros mostram a gravidade do tema e explicam a import\u00e2ncia da cria\u00e7\u00e3o da campanha nacional de preven\u00e7\u00e3o ao suic\u00eddio.<\/p>\n\n\n\n<p>Com isso, a\u00a0<strong>Megatron<\/strong>\u00a0n\u00e3o poderia ficar de fora dessa pauta. As vezes com o adoecimento fica dif\u00edcil enxergar uma solu\u00e7\u00e3o para os problemas, mas  buscar ajuda \u00e9 essencial, afinal a vida importa, e devemos usar todos os meios poss\u00edveis para conscientizar da melhor maneira. Confira, neste artigo, os pontos essenciais para a preven\u00e7\u00e3o.<\/p>\n\n\n\n<h2 class=\"wp-block-heading\">A sa\u00fade mental como parte da inclus\u00e3o e do cuidado<\/h2>\n\n\n\n<p>\u201cNo primeiro ano da pandemia de COVID-19, a preval\u00eancia global de ansiedade e depress\u00e3o aumentou em 25%, de acordo com um resumo cient\u00edfico divulgado pela Organiza\u00e7\u00e3o Mundial da Sa\u00fade (OMS). O documento tamb\u00e9m destaca quem foi mais afetado e mostra o impacto da pandemia na disponibilidade de servi\u00e7os de sa\u00fade mental durante a emerg\u00eancia de sa\u00fade p\u00fablica.\u201d<\/p>\n\n\n\n<p>Essas informa\u00e7\u00f5es, divulgadas pela&nbsp;<strong>Organiza\u00e7\u00e3o Pan-Americana da Sa\u00fade (OPAS)<\/strong>, refor\u00e7am a import\u00e2ncia do Setembro Amarelo. O tratamento inadequado ou a aus\u00eancia dele para doen\u00e7as como depress\u00e3o e ansiedade pode levar a pensamentos intrusivos e, em situa\u00e7\u00f5es mais graves, ao suic\u00eddio.<\/p>\n\n\n\n<p>O isolamento social imposto pela pandemia agravou ainda mais esse cen\u00e1rio. O medo, o luto pelas in\u00fameras mortes, a aus\u00eancia de conv\u00edvio e o estresse constante contribu\u00edram para o aumento dos \u00edndices de adoecimento mental.<\/p>\n\n\n\n<p>Reconhecer os sintomas dessas doen\u00e7as e buscar tratamento \u00e9 essencial na luta contra o suic\u00eddio. Muitas vezes, quem enfrenta esses desafios n\u00e3o consegue enxergar uma sa\u00edda, por isso o apoio a presen\u00e7a e o cuidado de quem est\u00e1 por perto podem fazer toda a diferen\u00e7a.<\/p>\n\n\n\n<p>O suic\u00eddio nunca \u00e9 a solu\u00e7\u00e3o para os problemas, um ombro amigo as vezes \u00e9 tudo o que \u00e9 necess\u00e1rio para lidar com as adversidades que a vida podem nos trazer. Seja a favor da vida e do cuidado com quem est\u00e1 ao seu redor.<\/p>\n\n\n\n<h2 class=\"wp-block-heading\">Tecnologia e bem-estar caminham juntos<\/h2>\n\n\n\n<p>A Megatron acredita que tecnologia e bem-estar devem andar lado a lado. Nossa miss\u00e3o vai al\u00e9m da inova\u00e7\u00e3o e da qualidade: tamb\u00e9m queremos contribuir para uma sociedade mais saud\u00e1vel, inclusiva e consciente.<\/p>\n\n\n\n<h2 class=\"wp-block-heading\">Como ajudar na conscientiza\u00e7\u00e3o?<\/h2>\n\n\n\n<p>A escuta ativa j\u00e1 \u00e9 um grande gesto. Ouvir sem julgamentos, sem compara\u00e7\u00f5es e sem desmerecer a dor do outro \u00e9 uma forma poderosa de acolhimento. Muitas vezes, oferecer apoio e companhia j\u00e1 ajuda a pessoa a perceber que n\u00e3o est\u00e1 sozinha e que sua vida importa.<\/p>\n\n\n\n<p>Se perceber que algu\u00e9m pr\u00f3ximo est\u00e1 em sofrimento intenso, com falas voltadas \u00e0 morte ou dificuldade em lidar com os problemas, incentive a busca por ajuda profissional.<\/p>\n\n\n\n<p>O\u00a0<strong><a href=\"https:\/\/cvv.org.br\/\" target=\"_blank\" rel=\"noopener\">CVV (Centro de Valoriza\u00e7\u00e3o da Vida)<\/a><\/strong>\u00a0oferece apoio emocional gratuito e sigiloso pelo telefone\u00a0<strong>188<\/strong>, dispon\u00edvel 24 horas por dia. \u00c9 um recurso fundamental para momentos de crise e desesperan\u00e7a.<\/p>\n\n\n\n<p>A\u00a0<a href=\"https:\/\/automatizadoresmegatron.com.br\/\">Megatron<\/a>\u00a0trabalha diariamente com inova\u00e7\u00e3o e compromisso com a qualidade. Mas, al\u00e9m disso, valorizamos o cuidado humano, a escuta e a responsabilidade social.<\/p>\n\n\n\n<p>N\u00e3o enfrente as dificuldades sozinho. Procure ajuda, converse com algu\u00e9m de confian\u00e7a e, se necess\u00e1rio, entre em contato com o <a href=\"https:\/\/cvv.org.br\/\" target=\"_blank\" rel=\"noopener\">CVV<\/a>.<br>A vida merece todo o carinho, cuidado e aten\u00e7\u00e3o.<\/p>\n\n\n\n<p>Voc\u00ea n\u00e3o est\u00e1 sozinho. Busque ajuda e se voc\u00ea conhece algu\u00e9m que passa por problemas ou sintomas que indicam pensamentos negativos, ofere\u00e7a um ombro amigo para lutar contra o suic\u00eddio.<br><strong>Fa\u00e7a parte do Setembro Amarelo com a Megatron Automatizadores!<\/strong><\/p>\n","protected":false},"excerpt":{"rendered":"<p>Os casos de suic\u00eddio no pa\u00eds s\u00e3o o par\u00e2metro para nos mostrar que o setembro amarelo no calend\u00e1rio nacional \u00e9 essencial, assim como \u00e9 necess\u00e1rio todos estarmos juntos nessa jornada pela preven\u00e7\u00e3o do suic\u00eddio.No Brasil, cerca de 14 mil pessoas tiram a pr\u00f3pria vida todos os anos, segundo o\u00a0CVV. No mundo, \u00e9 1 morte a cada 40 segundos, de acordo com a\u00a0OMS. Esses n\u00fameros mostram a gravidade do tema e explicam a import\u00e2ncia da cria\u00e7\u00e3o da campanha nacional de preven\u00e7\u00e3o ao suic\u00eddio. Com isso, a\u00a0Megatron\u00a0n\u00e3o poderia ficar de fora dessa pauta. As vezes com o adoecimento fica dif\u00edcil enxergar uma solu\u00e7\u00e3o para os problemas, mas buscar ajuda \u00e9 essencial, afinal a vida importa, e devemos usar todos os meios poss\u00edveis para conscientizar da melhor maneira. Confira, neste artigo, os pontos essenciais para a preven\u00e7\u00e3o. A sa\u00fade mental como parte da inclus\u00e3o e do cuidado \u201cNo primeiro ano da pandemia de COVID-19, a preval\u00eancia global de ansiedade e depress\u00e3o aumentou em 25%, de acordo com um resumo cient\u00edfico divulgado pela Organiza\u00e7\u00e3o Mundial da Sa\u00fade (OMS). O documento tamb\u00e9m destaca quem foi mais afetado e mostra o impacto da pandemia na disponibilidade de servi\u00e7os de sa\u00fade mental durante a emerg\u00eancia de sa\u00fade p\u00fablica.\u201d Essas informa\u00e7\u00f5es, divulgadas pela&nbsp;Organiza\u00e7\u00e3o Pan-Americana da Sa\u00fade (OPAS), refor\u00e7am a import\u00e2ncia do Setembro Amarelo. O tratamento inadequado ou a aus\u00eancia dele para doen\u00e7as como depress\u00e3o e ansiedade pode levar a pensamentos intrusivos e, em situa\u00e7\u00f5es mais graves, ao suic\u00eddio. O isolamento social imposto pela pandemia agravou ainda mais esse cen\u00e1rio. O medo, o luto pelas in\u00fameras mortes, a aus\u00eancia de conv\u00edvio e o estresse constante contribu\u00edram para o aumento dos \u00edndices de adoecimento mental. Reconhecer os sintomas dessas doen\u00e7as e buscar tratamento \u00e9 essencial na luta contra o suic\u00eddio. Muitas vezes, quem enfrenta esses desafios n\u00e3o consegue enxergar uma sa\u00edda, por isso o apoio a presen\u00e7a e o cuidado de quem est\u00e1 por perto podem fazer toda a diferen\u00e7a. O suic\u00eddio nunca \u00e9 a solu\u00e7\u00e3o para os problemas, um ombro amigo as vezes \u00e9 tudo o que \u00e9 necess\u00e1rio para lidar com as adversidades que a vida podem nos trazer. Seja a favor da vida e do cuidado com quem est\u00e1 ao seu redor. Tecnologia e bem-estar caminham juntos A Megatron acredita que tecnologia e bem-estar devem andar lado a lado. Nossa miss\u00e3o vai al\u00e9m da inova\u00e7\u00e3o e da qualidade: tamb\u00e9m queremos contribuir para uma sociedade mais saud\u00e1vel, inclusiva e consciente. Como ajudar na conscientiza\u00e7\u00e3o? A escuta ativa j\u00e1 \u00e9 um grande gesto. Ouvir sem julgamentos, sem compara\u00e7\u00f5es e sem desmerecer a dor do outro \u00e9 uma forma poderosa de acolhimento. Muitas vezes, oferecer apoio e companhia j\u00e1 ajuda a pessoa a perceber que n\u00e3o est\u00e1 sozinha e que sua vida importa. Se perceber que algu\u00e9m pr\u00f3ximo est\u00e1 em sofrimento intenso, com falas voltadas \u00e0 morte ou dificuldade em lidar com os problemas, incentive a busca por ajuda profissional. O\u00a0CVV (Centro de Valoriza\u00e7\u00e3o da Vida)\u00a0oferece apoio emocional gratuito e sigiloso pelo telefone\u00a0188, dispon\u00edvel 24 horas por dia. \u00c9 um recurso fundamental para momentos de crise e desesperan\u00e7a. A\u00a0Megatron\u00a0trabalha diariamente com inova\u00e7\u00e3o e compromisso com a qualidade. Mas, al\u00e9m disso, valorizamos o cuidado humano, a escuta e a responsabilidade social. N\u00e3o enfrente as dificuldades sozinho. Procure ajuda, converse com algu\u00e9m de confian\u00e7a e, se necess\u00e1rio, entre em contato com o CVV.A vida merece todo o carinho, cuidado e aten\u00e7\u00e3o. Voc\u00ea n\u00e3o est\u00e1 sozinho. Busque ajuda e se voc\u00ea conhece algu\u00e9m que passa por problemas ou sintomas que indicam pensamentos negativos, ofere\u00e7a um ombro amigo para lutar contra o suic\u00eddio.Fa\u00e7a parte do Setembro Amarelo com a Megatron Automatizadores!<\/p>\n","protected":false},"author":1,"featured_media":6370,"comment_status":"open","ping_status":"open","sticky":false,"template":"","format":"standard","meta":{"footnotes":""},"categories":[10],"tags":[29,2,4,5,6,20,7,8,9,11,185,184],"class_list":["post-6369","post","type-post","status-publish","format-standard","has-post-thumbnail","hentry","category-megatron","tag-ac","tag-acessorios","tag-automatizadores","tag-automatizadores-megatron","tag-brasil","tag-dc","tag-linha-ac","tag-linha-dc","tag-megatron","tag-motores","tag-prevencao-ao-suicidio","tag-setembro-amarelo"],"_links":{"self":[{"href":"https:\/\/automatizadoresmegatron.com.br\/blog\/wp-json\/wp\/v2\/posts\/6369","targetHints":{"allow":["GET"]}}],"collection":[{"href":"https:\/\/automatizadoresmegatron.com.br\/blog\/wp-json\/wp\/v2\/posts"}],"about":[{"href":"https:\/\/automatizadoresmegatron.com.br\/blog\/wp-json\/wp\/v2\/types\/post"}],"author":[{"embeddable":true,"href":"https:\/\/automatizadoresmegatron.com.br\/blog\/wp-json\/wp\/v2\/users\/1"}],"replies":[{"embeddable":true,"href":"https:\/\/automatizadoresmegatron.com.br\/blog\/wp-json\/wp\/v2\/comments?post=6369"}],"version-history":[{"count":0,"href":"https:\/\/automatizadoresmegatron.com.br\/blog\/wp-json\/wp\/v2\/posts\/6369\/revisions"}],"wp:featuredmedia":[{"embeddable":true,"href":"https:\/\/automatizadoresmegatron.com.br\/blog\/wp-json\/wp\/v2\/media\/6370"}],"wp:attachment":[{"href":"https:\/\/automatizadoresmegatron.com.br\/blog\/wp-json\/wp\/v2\/media?parent=6369"}],"wp:term":[{"taxonomy":"category","embeddable":true,"href":"https:\/\/automatizadoresmegatron.com.br\/blog\/wp-json\/wp\/v2\/categories?post=6369"},{"taxonomy":"post_tag","embeddable":true,"href":"https:\/\/automatizadoresmegatron.com.br\/blog\/wp-json\/wp\/v2\/tags?post=6369"}],"curies":[{"name":"wp","href":"https:\/\/api.w.org\/{rel}","templated":true}]}}