{"id":6541,"date":"2025-11-07T07:30:00","date_gmt":"2025-11-07T07:30:00","guid":{"rendered":"https:\/\/automatizadoresmegatron.com.br\/blog\/?p=6541"},"modified":"2025-11-06T19:04:43","modified_gmt":"2025-11-06T19:04:43","slug":"novembro-azul-saude-masculina","status":"publish","type":"post","link":"https:\/\/automatizadoresmegatron.com.br\/blog\/novembro-azul-saude-masculina\/","title":{"rendered":"Novembro azul: os homens precisam de cuidado e conscientiza\u00e7\u00e3o"},"content":{"rendered":"\n<p>Chegou o momento do Novembro Azul!<\/p>\n\n\n\n<p>Chegou o momento da campanha que tem como prioridade em conscientizar a preven\u00e7\u00e3o ao c\u00e2ncer de pr\u00f3stata, onde objetivo \u00e9 dar a devida import\u00e2ncia sobre o cuidado com sua pr\u00f3pria sa\u00fade.<\/p>\n\n\n\n<p>Esse movimento nasceu na Austr\u00e1lia, por volta dos anos 90, com um grupo de amigos que decidiram deixar o bigode crescer para ser o s\u00edmbolo dessa campanha para a sa\u00fade masculina.<\/p>\n\n\n\n<p>Tomou forma, em 2004, com o Movember Foundation Charity (jun\u00e7\u00e3o de bigode + novembro), incentivando os homens quebrarem esse tabu e finalmente se conscientizar sobre o autocuidado e a empatia.<\/p>\n\n\n\n<p>Por isso, o Novembro \u00e9 o m\u00eas em que paramos para falar sobre algo essencial: a sa\u00fade masculina.<\/p>\n\n\n\n<h2 class=\"wp-block-heading\"><strong>Por que os homens ainda negligenciam a pr\u00f3pria sa\u00fade?<\/strong><\/h2>\n\n\n\n<p>Segundo uma pesquisa da Sociedade Brasileira de Urologia (<a href=\"https:\/\/institutodelongevidade.org\/longevidade-e-saude\/saude-fisica\/saude-masculina-em-alerta\" data-type=\"link\" data-id=\"https:\/\/institutodelongevidade.org\/longevidade-e-saude\/saude-fisica\/saude-masculina-em-alerta\" target=\"_blank\" rel=\"noopener\">SBU<\/a>), revelou que 46% dos homens acima de 40 anos s\u00f3 procuram o m\u00e9dico quando sentem algum sintoma. O n\u00famero sobe para 58% entre os que dependem exclusivamente do Sistema \u00danico de Sa\u00fade (SUS).<\/p>\n\n\n\n<p><em>\u201cO levantamento mostra tamb\u00e9m que o c\u00e2ncer de pr\u00f3stata \u00e9 a doen\u00e7a urol\u00f3gica que mais causa medo nos homens, entre os entrevistados:<\/em><\/p>\n\n\n\n<ul class=\"wp-block-list\">\n<li>58% afirmaram ter receio da doen\u00e7a;<\/li>\n\n\n\n<li>37% de impot\u00eancia sexual;<\/li>\n\n\n\n<li>32% est\u00e3o atentos \u00e0 pr\u00f3pria sa\u00fade\u201d.<\/li>\n<\/ul>\n\n\n\n<p>Tais resultados e preocupa\u00e7\u00f5es devem-se pelas barreiras culturais e emocionais impostas s\u00e3o causadas pela vergonha, pelo medo, pelo poss\u00edvel julgamento e, principalmente, pela falta de tempo.<\/p>\n\n\n\n<p>A sa\u00fade do homem deveria ser considerada t\u00e3o f\u00e1cil quanto respirar, mas durante o passar dos anos se tornou bem pior tornando-se uma forma de tabu, onde ningu\u00e9m fala, ningu\u00e9m comunica e s\u00f3 o fato de mencionar tal assunto, gera um sentimento de vergonha.<\/p>\n\n\n\n<p>Por isso, a necessidade de quebrar tabus para cuidar de quem mais importa: voc\u00ea!<\/p>\n\n\n\n<p>Realizar os exames preventivos auxilia na sua sa\u00fade, no cuidado consigo mesmo e de quem est\u00e1 ao seu redor.<\/p>\n\n\n\n<h2 class=\"wp-block-heading\"><strong>O c\u00e2ncer de pr\u00f3stata: O que voc\u00ea precisa saber!<\/strong><\/h2>\n\n\n\n<p>De acordo com o Instituto Nacional de C\u00e2ncer (<a href=\"https:\/\/agenciabrasil.ebc.com.br\/saude\/noticia\/2025-10\/cura-de-cancer-de-prostata-pode-chegar-ate-98\" data-type=\"link\" data-id=\"https:\/\/agenciabrasil.ebc.com.br\/saude\/noticia\/2025-10\/cura-de-cancer-de-prostata-pode-chegar-ate-98\" target=\"_blank\" rel=\"noopener\">INCA<\/a>), estima para este ano 71.730 casos de c\u00e2ncer de pr\u00f3stata no Brasil. Depois do c\u00e2ncer n\u00e3o cut\u00e2neo, este tipo de c\u00e2ncer \u00e9 o que apresenta maior frequ\u00eancia e impacto na popula\u00e7\u00e3o masculina.<\/p>\n\n\n\n<p><em>\u201cDados do sistema de informa\u00e7\u00f5es sobre mortalidade do Minist\u00e9rio da Sa\u00fade revelam que, em 2023, ocorreram 17.093 \u00f3bitos em decorr\u00eancia da doen\u00e7a, o que significa 47 mortes por dia\u201d.<\/em><\/p>\n\n\n\n<p>A princ\u00edpio os sintomas s\u00e3o silenciosos e quando d\u00e3o alerta para o c\u00e9rebro que a algo errado, pode dificultar as suas chances de cura. Por isso, fique atento a:<\/p>\n\n\n\n<ul class=\"wp-block-list\">\n<li>Mic\u00e7\u00e3o frequente;<\/li>\n\n\n\n<li>Fluxo urin\u00e1rio fraco ou interrompido;<\/li>\n\n\n\n<li>Vontade de urinar frequentemente \u00e0 noite (nict\u00faria);<\/li>\n\n\n\n<li>Sangue na urina ou no s\u00eamen;<\/li>\n\n\n\n<li>Disfun\u00e7\u00e3o er\u00e9til;<\/li>\n\n\n\n<li>Dor no quadril, costas, coxas, ombros ou outros ossos;<\/li>\n\n\n\n<li>Fraqueza ou dorm\u00eancia nas pernas ou p\u00e9s;<\/li>\n\n\n\n<li>Perda de peso;<\/li>\n\n\n\n<li>Cansa\u00e7o.<\/li>\n<\/ul>\n\n\n\n<p>Al\u00e9m disso, os fatores de risco composto s\u00e3o:<\/p>\n\n\n\n<ul class=\"wp-block-list\">\n<li><strong>Idade:<\/strong> O risco aumento com o avan\u00e7ar da idade, sendo no Brasil, a cada dez homens diagnosticados, nove t\u00eam mais de 55 anos.<\/li>\n<\/ul>\n\n\n\n<ul class=\"wp-block-list\">\n<li><strong>Hist\u00f3rico de c\u00e2ncer na fam\u00edlia:<\/strong> Homens como pai, av\u00f4 ou irm\u00e3o tiveram c\u00e2ncer de pr\u00f3stata antes dos 60 anos, fazem parte do grupo de risco.<\/li>\n<\/ul>\n\n\n\n<ul class=\"wp-block-list\">\n<li><strong>Sobrepeso e obesidade:<\/strong> Estudos recentes mostram maior risco em homens com peso corporal mais elevado.<\/li>\n<\/ul>\n\n\n\n<p>Por isso, a import\u00e2ncia do diagn\u00f3stico precoce, como exame de toque e PSA (Ant\u00edgeno Prost\u00e1tico Espec\u00edfico) \u00e9 simples e r\u00e1pido com o intuito de realizar o seu check-up preventivo.<\/p>\n\n\n\n<h3 class=\"wp-block-heading\"><strong>Como as empresas podem apoiar o Novembro Azul?<\/strong><\/h3>\n\n\n\n<p>As empresas s\u00e3o um grande alicerce nessa campanha, pois elas v\u00e3o al\u00e9m de visar os lucros, mas cuidam dos interesses dos seus colaboradores e clientes.<\/p>\n\n\n\n<p>Para isso, quando h\u00e1 conscientiza\u00e7\u00e3o, h\u00e1 mais do que s\u00edmbolo para mostrar na camisa ou ser apenas a\u00e7\u00e3o de marketing, sem demonstrar o valor por tr\u00e1s desse movimento.<\/p>\n\n\n\n<p>As dicas pr\u00e1ticas para adotar as a\u00e7\u00f5es internas neste m\u00eas aplicar um ambiente de empatia, de autocuidado e sem julgamentos:<\/p>\n\n\n\n<ul class=\"wp-block-list\">\n<li>Palestras;<\/li>\n\n\n\n<li>Exames em parceria;<\/li>\n\n\n\n<li>Campanhas de comunica\u00e7\u00e3o;<\/li>\n\n\n\n<li>Materiais informativos, como e-mails e newsletters;<\/li>\n\n\n\n<li>Workshops;<\/li>\n\n\n\n<li>Incentivo \u00e0 atividade f\u00edsica;<\/li>\n\n\n\n<li>Descontos em academias e aplicativos de sa\u00fade;<\/li>\n\n\n\n<li>Dia de check-up.<\/li>\n<\/ul>\n\n\n\n<p>A Automatizadores <a href=\"https:\/\/automatizadoresmegatron.com.br\/contato\/\" data-type=\"link\" data-id=\"https:\/\/automatizadoresmegatron.com.br\/contato\/\">Megatron<\/a> n\u00e3o v\u00ea a sa\u00fade de homem como tabu, e sim como prioridade para que todos os colaboradores, clientes e entes queridos sejam cuidados e visam em primeiro lugar: sua pr\u00f3pria sa\u00fade. \u00a0<\/p>\n\n\n\n<h4 class=\"wp-block-heading\"><strong>Cuidar de si \u00e9 um ato de coragem<\/strong><\/h4>\n\n\n\n<p>O Novembro Azul \u00e9 mais do que uma campanha de conscientiza\u00e7\u00e3o, e sim um movimento para enriquecer com informa\u00e7\u00f5es \u00fateis, a\u00e7\u00f5es sociais e a preocupa\u00e7\u00e3o genu\u00edna de estabelecer um di\u00e1logo sincero e empatia que fure a bolha em si.<\/p>\n\n\n\n<p>Lembre-se: A sa\u00fade do homem \u00e9 essencial, a atitude expressa \u00e9 motivo de admira\u00e7\u00e3o e inspira\u00e7\u00e3o ao seu redor, n\u00e3o deve ser levado como assunto leviano ou de procrastina\u00e7\u00e3o.<\/p>\n\n\n\n<p><strong>Cuidar da sua sa\u00fade \u00e9 um ato de amor e autocuidado que o primeiro passo come\u00e7a por voc\u00ea!<\/strong><\/p>\n\n\n<div class=\"bp-qr-wrap\" style=\"max-width:560px;margin:32px auto;text-align:center;\">\n  <a href=\"https:\/\/www.instagram.com\/automatizadoresmegatron\/\" target=\"_blank\" rel=\"noopener noreferrer\" style=\"display:inline-block;text-decoration:none;\"><br \/>\n    <img\n      src=\"https:\/\/automatizadoresmegatron.com.br\/blog\/wp-content\/uploads\/2025\/10\/automatizadoresmegatron_qr-scaled.png\"\n      alt=\"QR Code do Instagram @automatizadoresmegatron\"\n      style=\"display:block;margin:0 auto;max-width:75%;height:auto;border-radius:18px;box-sizing:border-box;\"\n      loading=\"lazy\" decoding=\"async\"><br \/>\n  <\/a><\/p>\n<div style=\"text-align:center; margin: 18px 0 0;\">\n    <a href=\"https:\/\/www.instagram.com\/automatizadoresmegatron\/\" target=\"_blank\" rel=\"noopener noreferrer\" style=\"text-decoration:none;\"><\/p>\n<p style=\"font-family:Arial, sans-serif; font-size:18px; color:#E1306C; font-weight:bold; margin:0;\">\n        @automatizadoresmegatron\n      <\/p>\n<p>      <small style=\"font-family:Arial, sans-serif; color:#666;\"><br \/>\n        Clique para abrir o perfil no Instagram<br \/>\n      <\/small><br \/>\n    <\/a>\n  <\/div>\n<\/div>\n","protected":false},"excerpt":{"rendered":"<p>Chegou o momento do Novembro Azul! Chegou o momento da campanha que tem como prioridade em conscientizar a preven\u00e7\u00e3o ao c\u00e2ncer de pr\u00f3stata, onde objetivo \u00e9 dar a devida import\u00e2ncia sobre o cuidado com sua pr\u00f3pria sa\u00fade. Esse movimento nasceu na Austr\u00e1lia, por volta dos anos 90, com um grupo de amigos que decidiram deixar o bigode crescer para ser o s\u00edmbolo dessa campanha para a sa\u00fade masculina. Tomou forma, em 2004, com o Movember Foundation Charity (jun\u00e7\u00e3o de bigode + novembro), incentivando os homens quebrarem esse tabu e finalmente se conscientizar sobre o autocuidado e a empatia. Por isso, o Novembro \u00e9 o m\u00eas em que paramos para falar sobre algo essencial: a sa\u00fade masculina. Por que os homens ainda negligenciam a pr\u00f3pria sa\u00fade? Segundo uma pesquisa da Sociedade Brasileira de Urologia (SBU), revelou que 46% dos homens acima de 40 anos s\u00f3 procuram o m\u00e9dico quando sentem algum sintoma. O n\u00famero sobe para 58% entre os que dependem exclusivamente do Sistema \u00danico de Sa\u00fade (SUS). \u201cO levantamento mostra tamb\u00e9m que o c\u00e2ncer de pr\u00f3stata \u00e9 a doen\u00e7a urol\u00f3gica que mais causa medo nos homens, entre os entrevistados: Tais resultados e preocupa\u00e7\u00f5es devem-se pelas barreiras culturais e emocionais impostas s\u00e3o causadas pela vergonha, pelo medo, pelo poss\u00edvel julgamento e, principalmente, pela falta de tempo. A sa\u00fade do homem deveria ser considerada t\u00e3o f\u00e1cil quanto respirar, mas durante o passar dos anos se tornou bem pior tornando-se uma forma de tabu, onde ningu\u00e9m fala, ningu\u00e9m comunica e s\u00f3 o fato de mencionar tal assunto, gera um sentimento de vergonha. Por isso, a necessidade de quebrar tabus para cuidar de quem mais importa: voc\u00ea! Realizar os exames preventivos auxilia na sua sa\u00fade, no cuidado consigo mesmo e de quem est\u00e1 ao seu redor. O c\u00e2ncer de pr\u00f3stata: O que voc\u00ea precisa saber! De acordo com o Instituto Nacional de C\u00e2ncer (INCA), estima para este ano 71.730 casos de c\u00e2ncer de pr\u00f3stata no Brasil. Depois do c\u00e2ncer n\u00e3o cut\u00e2neo, este tipo de c\u00e2ncer \u00e9 o que apresenta maior frequ\u00eancia e impacto na popula\u00e7\u00e3o masculina. \u201cDados do sistema de informa\u00e7\u00f5es sobre mortalidade do Minist\u00e9rio da Sa\u00fade revelam que, em 2023, ocorreram 17.093 \u00f3bitos em decorr\u00eancia da doen\u00e7a, o que significa 47 mortes por dia\u201d. A princ\u00edpio os sintomas s\u00e3o silenciosos e quando d\u00e3o alerta para o c\u00e9rebro que a algo errado, pode dificultar as suas chances de cura. Por isso, fique atento a: Al\u00e9m disso, os fatores de risco composto s\u00e3o: Por isso, a import\u00e2ncia do diagn\u00f3stico precoce, como exame de toque e PSA (Ant\u00edgeno Prost\u00e1tico Espec\u00edfico) \u00e9 simples e r\u00e1pido com o intuito de realizar o seu check-up preventivo. Como as empresas podem apoiar o Novembro Azul? As empresas s\u00e3o um grande alicerce nessa campanha, pois elas v\u00e3o al\u00e9m de visar os lucros, mas cuidam dos interesses dos seus colaboradores e clientes. Para isso, quando h\u00e1 conscientiza\u00e7\u00e3o, h\u00e1 mais do que s\u00edmbolo para mostrar na camisa ou ser apenas a\u00e7\u00e3o de marketing, sem demonstrar o valor por tr\u00e1s desse movimento. As dicas pr\u00e1ticas para adotar as a\u00e7\u00f5es internas neste m\u00eas aplicar um ambiente de empatia, de autocuidado e sem julgamentos: A Automatizadores Megatron n\u00e3o v\u00ea a sa\u00fade de homem como tabu, e sim como prioridade para que todos os colaboradores, clientes e entes queridos sejam cuidados e visam em primeiro lugar: sua pr\u00f3pria sa\u00fade. \u00a0 Cuidar de si \u00e9 um ato de coragem O Novembro Azul \u00e9 mais do que uma campanha de conscientiza\u00e7\u00e3o, e sim um movimento para enriquecer com informa\u00e7\u00f5es \u00fateis, a\u00e7\u00f5es sociais e a preocupa\u00e7\u00e3o genu\u00edna de estabelecer um di\u00e1logo sincero e empatia que fure a bolha em si. Lembre-se: A sa\u00fade do homem \u00e9 essencial, a atitude expressa \u00e9 motivo de admira\u00e7\u00e3o e inspira\u00e7\u00e3o ao seu redor, n\u00e3o deve ser levado como assunto leviano ou de procrastina\u00e7\u00e3o. Cuidar da sua sa\u00fade \u00e9 um ato de amor e autocuidado que o primeiro passo come\u00e7a por voc\u00ea!<\/p>\n","protected":false},"author":1,"featured_media":6542,"comment_status":"open","ping_status":"open","sticky":false,"template":"","format":"standard","meta":{"footnotes":""},"categories":[1],"tags":[],"class_list":["post-6541","post","type-post","status-publish","format-standard","has-post-thumbnail","hentry","category-uncategorized"],"_links":{"self":[{"href":"https:\/\/automatizadoresmegatron.com.br\/blog\/wp-json\/wp\/v2\/posts\/6541","targetHints":{"allow":["GET"]}}],"collection":[{"href":"https:\/\/automatizadoresmegatron.com.br\/blog\/wp-json\/wp\/v2\/posts"}],"about":[{"href":"https:\/\/automatizadoresmegatron.com.br\/blog\/wp-json\/wp\/v2\/types\/post"}],"author":[{"embeddable":true,"href":"https:\/\/automatizadoresmegatron.com.br\/blog\/wp-json\/wp\/v2\/users\/1"}],"replies":[{"embeddable":true,"href":"https:\/\/automatizadoresmegatron.com.br\/blog\/wp-json\/wp\/v2\/comments?post=6541"}],"version-history":[{"count":0,"href":"https:\/\/automatizadoresmegatron.com.br\/blog\/wp-json\/wp\/v2\/posts\/6541\/revisions"}],"wp:featuredmedia":[{"embeddable":true,"href":"https:\/\/automatizadoresmegatron.com.br\/blog\/wp-json\/wp\/v2\/media\/6542"}],"wp:attachment":[{"href":"https:\/\/automatizadoresmegatron.com.br\/blog\/wp-json\/wp\/v2\/media?parent=6541"}],"wp:term":[{"taxonomy":"category","embeddable":true,"href":"https:\/\/automatizadoresmegatron.com.br\/blog\/wp-json\/wp\/v2\/categories?post=6541"},{"taxonomy":"post_tag","embeddable":true,"href":"https:\/\/automatizadoresmegatron.com.br\/blog\/wp-json\/wp\/v2\/tags?post=6541"}],"curies":[{"name":"wp","href":"https:\/\/api.w.org\/{rel}","templated":true}]}}